{"id":1840,"date":"2024-01-09T13:19:00","date_gmt":"2024-01-09T16:19:00","guid":{"rendered":"https:\/\/fpciclismo.org.br\/?p=1840"},"modified":"2024-08-14T17:21:35","modified_gmt":"2024-08-14T20:21:35","slug":"fpciclismo-divulga-provas-que-contarao-pontos-para-o-ranking-2024","status":"publish","type":"post","link":"https:\/\/fpciclismo.org.br\/index.php\/2024\/01\/09\/fpciclismo-divulga-provas-que-contarao-pontos-para-o-ranking-2024\/","title":{"rendered":"FPCiclismo divulga provas que contar\u00e3o pontos para o ranking 2024"},"content":{"rendered":"\n<p><strong>S\u00e3o disputas nas modalidades Estrada, Pista, MTB e Paraciclismo<\/strong><\/p>\n\n\n\n<p><strong>S\u00e3o Paulo (SP) \u2013 <\/strong>A Federa\u00e7\u00e3o Paulista de Ciclismo divulgou nesta semana a provas que contar\u00e3o pontos para os rankings estadual e nacional da temporada 2024. S\u00e3o eventos organizados pela entidade, ligas e em parceria com a Confedera\u00e7\u00e3o Brasileira de Ciclismo nas disciplinas de Estrada, Pista, MTB e Paraciclismo, que movimentar\u00e3o os atletas paulista entre os meses de fevereiro e dezembro. Neste primeiro momento, a FPCiclismo divulga as datas e classes de cada uma, com os locais a serem definidos em breve.<\/p>\n\n\n\n<p>Na Estrada, destaque para a Abertura Oficial da Temporada no dia 10 de mar\u00e7o, a realiza\u00e7\u00e3o dos estaduais de estrada e Montanha e provas tradicionais como Copa S\u00e3o Paulo de Ciclismo, Giro do Interior, 73\u00aa 1\u00ba de Maio, GP S\u00e3o Paulo de Ciclismo, XIV Circuito Montanh\u00eas e as Volta Ciclistas do Grande ABCD, Entre Terras e \u00c1guas e Internacional da Cidade de Guarulhos.<\/p>\n\n\n\n<p>Nas Pista, as atra\u00e7\u00f5es ser\u00e3o o Brasileiro, o Paulista de Pista e Paraciclismo e as etapas do Trof\u00e9u M\u00e1rio Covas. No MTB, a etapa do Mundial UCI, os estaduais e provas do ranking de XCC, XCO e XCM,enquanto no Paraciclismo est\u00e3o programados os GP de Santa Cruz das Palmeiras, Taubat\u00e9, o Gran Cup de Ciclismo, entre outros.<\/p>\n\n\n\n<p>As filia\u00e7\u00f5es para 2024 j\u00e1 est\u00e3o valendo e basta acessar o site oficial, <a href=\"http:\/\/www.fpciclismo.com.br\/\">www.fpciclismo.com.br<\/a> ou diretos nos links <a href=\"https:\/\/cbc.bigmidia.com\/cadastroExterno\/atleta\">https:\/\/cbc.bigmidia.com\/cadastroExterno\/atleta<\/a> (novo atleta) e <a href=\"https:\/\/cbc.bigmidia.com\/site\/login\">https:\/\/cbc.bigmidia.com\/site\/login<\/a> (atleta j\u00e1 filiado).<\/p>\n\n\n\n<p>Confira a programa\u00e7\u00e3o de cada uma delas:<\/p>\n\n\n\n<p><strong>Estrada<\/strong><\/p>\n\n\n\n<p>02 a 04\/02 &#8211; 37\u00ba Torneio de Ver\u00e3o (Classe 4 CBC)<\/p>\n\n\n\n<p>11 a 13\/02 &#8211; Volta do Futuro (Classe 2B CBC)<\/p>\n\n\n\n<p>25\/02 &#8211; Copa S\u00e3o Paulo de Ciclismo -1\u00b0 Etapa (C5 CBC)<\/p>\n\n\n\n<p>10\/03 &#8211; Abertura Oficial do Campeonato Paulista de Ciclismo (C3 CBC)<\/p>\n\n\n\n<p>21\/05 \u2013 GP Tiradentes (R. Paulista)<\/p>\n\n\n\n<p>23 a 24\/03 &#8211; Giro do Interior (2B R. Paulista)<\/p>\n\n\n\n<p>01\/05 &#8211; 73\u00aa Prova Cicl\u00edstica de 1\u00ba de Maio (C3 CBC)<\/p>\n\n\n\n<p>16\/06 &#8211; GP Ranking Paulista de Estrada (CEE R. Paulista)<\/p>\n\n\n\n<p>26 A 30\/06 &#8211; Campeonato Brasileiro Ciclismo de Estrada E CRI &#8211; Junior E Elite (CN CBC)<\/p>\n\n\n\n<p>9\/07 &#8211; 74\u00aa Prova Cicl\u00edstica GP SP Internacional de Ciclismo (C3 CBC)<\/p>\n\n\n\n<p>18\/08 &#8211; Grande Pr\u00eamio Nazar\u00e9 Paulista (C3 R. Paulista)<\/p>\n\n\n\n<p>23 a 25\/08 &#8211; Volta Cicl\u00edstica Entre Terras e \u00c1guas (2B CBC \u2013 R. Paulista)<\/p>\n\n\n\n<p>25\/08 &#8211; Copa S\u00e3o Paulo de Ciclismo 10\u00b0 Etapa An\u00e9sio Argenton (C3 R. Paulista)<\/p>\n\n\n\n<p>08\/09 &#8211; Campeonato Paulista de Montanha (C3 R. Paulista)<\/p>\n\n\n\n<p>15\/09 &#8211; 25\u00aa Volta Cicl\u00edstica Internacional do Grande ABCD (C3 CBC)<\/p>\n\n\n\n<p>3\/10 &#8211; XIV Circuito Montanh\u00eas de Ciclismo 2024 (C3 CBC- R. Paulista)<\/p>\n\n\n\n<p>24\/11 &#8211; Encerramento Copa S\u00e3o Paulo de Ciclismo 2024 (C5 CBC)<\/p>\n\n\n\n<p>6 a 8\/12 &#8211; Volta Cicl\u00edstica Internacional da Cidade Guarulhos (C2B R. Paulista)<\/p>\n\n\n\n<p><strong>Pista<\/strong><\/p>\n\n\n\n<p>03 a 10\/03 &#8211; Campeonato Brasileiro de Ciclismo de Pista Junior e Elite (CN -CBC)<\/p>\n\n\n\n<p>07 a 09\/06 &#8211; Campeonato Paulista de Paraciclismo de Pista (CE)<\/p>\n\n\n\n<p>07 a 09\/06 &#8211; Campeonato Paulista de Pista (CE)<\/p>\n\n\n\n<p>13 a 15\/09 &#8211; Trof\u00e9u M\u00e1rio Covas de Paraciclismo de Pista (C2)<\/p>\n\n\n\n<p>13 a 15\/09 &#8211; Trof\u00e9u M\u00e1rio Covas de Pista (C2)<\/p>\n\n\n\n<p>27 a 29\/09 &#8211; Trof\u00e9u M\u00e1rio Covas de Paraciclismo de Pista (C2)<\/p>\n\n\n\n<p>27 a 29\/09 &#8211; Trof\u00e9u M\u00e1rio Covas de Pista (C2)<\/p>\n\n\n\n<p><strong>MTB<\/strong><\/p>\n\n\n\n<p>23 a 24\/03 &#8211; Campeonato Paulista de Mountain Bike 2024- XCC \u2013 XCO (Classe XC3)<\/p>\n\n\n\n<p>17\/03 &#8211; Campeonato Paulista de Mountain Bike 2024 &#8211; XCM \u2013 Ranking (XC3)<\/p>\n\n\n\n<p>14\/04 \u2013 MTB UCI World Series<\/p>\n\n\n\n<p>23\/06 &#8211; Ranking Paulista de Mountain Bike XCM(C3)<\/p>\n\n\n\n<p>14\/07 &#8211; Ranking Paulista de Mountain Bike \u2013 XCM 2024 (CE)<\/p>\n\n\n\n<p>19 A 20\/10 &#8211; Ranking Paulista De Mountain Bike &#8211; XCC\/XCO (CE)<\/p>\n\n\n\n<p>23 A 24\/11 &#8211; Ranking Paulista De Mountain Bike &#8211; XCC\/XCO (C2)<\/p>\n\n\n\n<p><strong>Paraciclismo<\/strong><\/p>\n\n\n\n<p>17 a 18\/02 &#8211; GP Santa Cruz das Palmeiras de Paraciclismo Rank.Nacional 1\u00b0Etapa (C4)<\/p>\n\n\n\n<p>17\/03 &#8211; GP Taubat\u00e9 Paraciclismo 2\u00b0 Etapa \u2013 GP Taubat\u00e9 Ciclismo -11\u00b0 Etapa Vale Paraibano (C4)<\/p>\n\n\n\n<p>05\/05 &#8211; GP Paraciclismo- 3\u00b0 Etapa Campeonato Paulista de Paraciclismo (C4)<\/p>\n\n\n\n<p>26\/05- Gran Cup Brasil de Ciclismo ((C3)<\/p>\n\n\n\n<p>18\/08 &#8211; Prova Ciclismo Cidade Ubatuba (C3)<\/p>\n\n\n\n<p>29\/09 &#8211; Desafio Taubat\u00e9 Ciclismo e Paraciclismo &#8211; 3\u00b0 Et. Vale Paraibano\/4\u00b0 Et. Paul.Paraciclismo (C4)<\/p>\n","protected":false},"excerpt":{"rendered":"<p>S\u00e3o disputas nas modalidades Estrada, Pista, MTB e Paraciclismo S\u00e3o Paulo (SP) \u2013 A Federa\u00e7\u00e3o Paulista de Ciclismo divulgou nesta semana a provas que contar\u00e3o pontos para os rankings estadual e nacional da temporada 2024. S\u00e3o eventos organizados pela entidade, ligas e em parceria com a Confedera\u00e7\u00e3o Brasileira de Ciclismo nas disciplinas de Estrada, Pista, MTB e Paraciclismo, que movimentar\u00e3o &hellip;<\/p>\n","protected":false},"author":1,"featured_media":1841,"comment_status":"open","ping_status":"closed","sticky":false,"template":"","format":"standard","meta":{"footnotes":""},"categories":[35,39,42,43],"tags":[],"class_list":["post-1840","post","type-post","status-publish","format-standard","has-post-thumbnail","hentry","category-estrada","category-mtb","category-paraciclismo","category-pista"],"_links":{"self":[{"href":"https:\/\/fpciclismo.org.br\/index.php\/wp-json\/wp\/v2\/posts\/1840","targetHints":{"allow":["GET"]}}],"collection":[{"href":"https:\/\/fpciclismo.org.br\/index.php\/wp-json\/wp\/v2\/posts"}],"about":[{"href":"https:\/\/fpciclismo.org.br\/index.php\/wp-json\/wp\/v2\/types\/post"}],"author":[{"embeddable":true,"href":"https:\/\/fpciclismo.org.br\/index.php\/wp-json\/wp\/v2\/users\/1"}],"replies":[{"embeddable":true,"href":"https:\/\/fpciclismo.org.br\/index.php\/wp-json\/wp\/v2\/comments?post=1840"}],"version-history":[{"count":1,"href":"https:\/\/fpciclismo.org.br\/index.php\/wp-json\/wp\/v2\/posts\/1840\/revisions"}],"predecessor-version":[{"id":1842,"href":"https:\/\/fpciclismo.org.br\/index.php\/wp-json\/wp\/v2\/posts\/1840\/revisions\/1842"}],"wp:featuredmedia":[{"embeddable":true,"href":"https:\/\/fpciclismo.org.br\/index.php\/wp-json\/wp\/v2\/media\/1841"}],"wp:attachment":[{"href":"https:\/\/fpciclismo.org.br\/index.php\/wp-json\/wp\/v2\/media?parent=1840"}],"wp:term":[{"taxonomy":"category","embeddable":true,"href":"https:\/\/fpciclismo.org.br\/index.php\/wp-json\/wp\/v2\/categories?post=1840"},{"taxonomy":"post_tag","embeddable":true,"href":"https:\/\/fpciclismo.org.br\/index.php\/wp-json\/wp\/v2\/tags?post=1840"}],"curies":[{"name":"wp","href":"https:\/\/api.w.org\/{rel}","templated":true}]}}