{"id":1846,"date":"2020-12-13T06:45:00","date_gmt":"2020-12-13T09:45:00","guid":{"rendered":"https:\/\/fpciclismo.org.br\/?p=1846"},"modified":"2024-08-14T17:27:08","modified_gmt":"2024-08-14T20:27:08","slug":"ciclista-de-rio-claro-e-vice-campea-da-omnium-no-torneio-internacional-de-cali","status":"publish","type":"post","link":"https:\/\/fpciclismo.org.br\/index.php\/2020\/12\/13\/ciclista-de-rio-claro-e-vice-campea-da-omnium-no-torneio-internacional-de-cali\/","title":{"rendered":"Ciclista de Rio Claro \u00e9 vice-campe\u00e3 da Omnium no Torneio Internacional de Cali"},"content":{"rendered":"\n<p>Ap\u00f3s uma estreia positiva no primeiro dia de provas do Torneio Internacional de Pista, na Col\u00f4mbia, os brasileiros voltaram com tudo neste s\u00e1bado, onde no per\u00edodo da tarde, Alice Melo, que defende a equipe ABEC\/Rio Claro, subiu ao p\u00f3dio na segunda coloca\u00e7\u00e3o da prova Omnium.<\/p>\n\n\n\n<p>Demonstrando uma excelente fase, Alice foi uma das atletas mais regulares da prova, terminando a apenas 8 pontos da ciclista colombiana Milena Salcedo, campe\u00e3 geral. O terceiro lugar ficou com a mexicana Sofia Navarro. A omnium \u00e9 composta por quatros corridas (scratch, tempo race, elimina\u00e7\u00e3o e prova por pontos) todas disputadas em um \u00fanico dia.<\/p>\n\n\n\n<p>O Brasil tamb\u00e9m contou com a sexta coloca\u00e7\u00e3o de Samuel Stachera, da equipe S\u00f3 Pedal Curitiba, na Omnium, e a quarta posi\u00e7\u00e3o da dupla formada por Wellyda Rodrigues e Alice Melo, ABEC\/Rio Claro, na Madison.<\/p>\n","protected":false},"excerpt":{"rendered":"<p>Ap\u00f3s uma estreia positiva no primeiro dia de provas do Torneio Internacional de Pista, na Col\u00f4mbia, os brasileiros voltaram com tudo neste s\u00e1bado, onde no per\u00edodo da tarde, Alice Melo, que defende a equipe ABEC\/Rio Claro, subiu ao p\u00f3dio na segunda coloca\u00e7\u00e3o da prova Omnium. Demonstrando uma excelente fase, Alice foi uma das atletas mais regulares da prova, terminando a &hellip;<\/p>\n","protected":false},"author":1,"featured_media":1847,"comment_status":"open","ping_status":"closed","sticky":false,"template":"","format":"standard","meta":{"footnotes":""},"categories":[43],"tags":[46,48],"class_list":["post-1846","post","type-post","status-publish","format-standard","has-post-thumbnail","hentry","category-pista","tag-alice-melo","tag-destaque"],"_links":{"self":[{"href":"https:\/\/fpciclismo.org.br\/index.php\/wp-json\/wp\/v2\/posts\/1846","targetHints":{"allow":["GET"]}}],"collection":[{"href":"https:\/\/fpciclismo.org.br\/index.php\/wp-json\/wp\/v2\/posts"}],"about":[{"href":"https:\/\/fpciclismo.org.br\/index.php\/wp-json\/wp\/v2\/types\/post"}],"author":[{"embeddable":true,"href":"https:\/\/fpciclismo.org.br\/index.php\/wp-json\/wp\/v2\/users\/1"}],"replies":[{"embeddable":true,"href":"https:\/\/fpciclismo.org.br\/index.php\/wp-json\/wp\/v2\/comments?post=1846"}],"version-history":[{"count":1,"href":"https:\/\/fpciclismo.org.br\/index.php\/wp-json\/wp\/v2\/posts\/1846\/revisions"}],"predecessor-version":[{"id":1848,"href":"https:\/\/fpciclismo.org.br\/index.php\/wp-json\/wp\/v2\/posts\/1846\/revisions\/1848"}],"wp:featuredmedia":[{"embeddable":true,"href":"https:\/\/fpciclismo.org.br\/index.php\/wp-json\/wp\/v2\/media\/1847"}],"wp:attachment":[{"href":"https:\/\/fpciclismo.org.br\/index.php\/wp-json\/wp\/v2\/media?parent=1846"}],"wp:term":[{"taxonomy":"category","embeddable":true,"href":"https:\/\/fpciclismo.org.br\/index.php\/wp-json\/wp\/v2\/categories?post=1846"},{"taxonomy":"post_tag","embeddable":true,"href":"https:\/\/fpciclismo.org.br\/index.php\/wp-json\/wp\/v2\/tags?post=1846"}],"curies":[{"name":"wp","href":"https:\/\/api.w.org\/{rel}","templated":true}]}}