{"id":1861,"date":"2020-11-24T07:52:00","date_gmt":"2020-11-24T10:52:00","guid":{"rendered":"https:\/\/fpciclismo.org.br\/?p=1861"},"modified":"2024-08-14T18:21:56","modified_gmt":"2024-08-14T21:21:56","slug":"ciclovia-da-marginal-pinheiros-recebeu-blitz-vamos-pedalar-no-transito","status":"publish","type":"post","link":"https:\/\/fpciclismo.org.br\/index.php\/2020\/11\/24\/ciclovia-da-marginal-pinheiros-recebeu-blitz-vamos-pedalar-no-transito\/","title":{"rendered":"Ciclovia da Marginal Pinheiros recebeu Blitz &#8220;Vamos Pedalar No Tr\u00e2nsito&#8221;"},"content":{"rendered":"\n<p>O pedal de domingo foi diferente na Ciclovia da Marginal Pinheiros, em S\u00e3o Paulo. Atletas profissionais e amadores, muitos deles acompanhados da fam\u00edlia, puderam receber dicas e orienta\u00e7\u00f5es sobre tr\u00e2nsito na \u201cBlitz\u201d informativa realizada pela Confedera\u00e7\u00e3o Brasileira de Ciclismo (CBC), em parceria com a Farah Service (melhorias urbanas) e o Comit\u00ea Paral\u00edmpico Brasileiro (CPB).<\/p>\n\n\n\n<p>\u201cTudo come\u00e7ou com o intuito de promover a nova vers\u00e3o da apostila Vamos Pedalar, atrav\u00e9s do compartilhamento de informa\u00e7\u00f5es educativas para o nosso p\u00fablico principal, que \u00e9 o ciclista. Atualmente, enfrentamos muitas dificuldades no tr\u00e2nsito e algumas delas acontecem por falta de informa\u00e7\u00f5es, por isso tivemos a ideia de criar a \u201cBlitz\u201d Informativa CBC. Estamos motivados com o sucesso do evento e continuaremos trabalhando com essas a\u00e7\u00f5es, sempre contando com o apoio e a responsabilidade de todos para termos um tr\u00e2nsito cada vez mais seguro\u201d, declarou Edilson Rocha \u201cTubiba\u201d, Coordenador do Paraciclismo na CBC.<\/p>\n\n\n\n<p>A \u201cBlitz\u201d teve o objetivo principal de promover a apostila Vamos Pedalar no Tr\u00e2nsito. O material educativo aborda assuntos de seguran\u00e7a no tr\u00e2nsito com dicas e informa\u00e7\u00f5es importantes para todos os ciclistas, al\u00e9m de trazer curiosidades, palavras cruzadas, hist\u00f3rias e muito mais. O projeto tamb\u00e9m contou com a presen\u00e7a especial dos atletas Lauro Chaman, medalhista na Paral\u00edmpiada do Rio, e M\u00e1rcia Fanhani, medalhista no Parapan de Lima 2019. Ambos participaram de uma sess\u00e3o de autografo e pedalaram com os ciclistas que estiveram presentes no local.<\/p>\n\n\n\n<p>A iniciativa faz parte do planejamento estrat\u00e9gico da CBC, que busca conscientizar e sensibilizar todos os agentes envolvidos na utiliza\u00e7\u00e3o e compartilhamento de espa\u00e7os p\u00fablicos sobre a import\u00e2ncia de dirigir com responsabilidade, valorizando a vida daqueles que est\u00e3o mais vulner\u00e1veis no tr\u00e2nsito.<\/p>\n\n\n\n<p>\u201c\u00c9 sempre muito gratificante poder trocar experi\u00eancias e levar dicas para os demais atletas, sejam eles amadores ou n\u00e3o. A confedera\u00e7\u00e3o est\u00e1 de parab\u00e9ns pela atitude, realmente foi um evento diferenciado. Fiquei muito feliz quando recebi o convite para participar, mesmo sem saber que teria essa repercuss\u00e3o t\u00e3o positiva\u201d, destacou Lauro Chaman.<\/p>\n","protected":false},"excerpt":{"rendered":"<p>O pedal de domingo foi diferente na Ciclovia da Marginal Pinheiros, em S\u00e3o Paulo. Atletas profissionais e amadores, muitos deles acompanhados da fam\u00edlia, puderam receber dicas e orienta\u00e7\u00f5es sobre tr\u00e2nsito na \u201cBlitz\u201d informativa realizada pela Confedera\u00e7\u00e3o Brasileira de Ciclismo (CBC), em parceria com a Farah Service (melhorias urbanas) e o Comit\u00ea Paral\u00edmpico Brasileiro (CPB). \u201cTudo come\u00e7ou com o intuito de &hellip;<\/p>\n","protected":false},"author":1,"featured_media":1862,"comment_status":"open","ping_status":"closed","sticky":false,"template":"","format":"standard","meta":{"footnotes":""},"categories":[42],"tags":[48,8,50],"class_list":["post-1861","post","type-post","status-publish","format-standard","has-post-thumbnail","hentry","category-paraciclismo","tag-destaque","tag-paraciclismo","tag-vamos-pedalar"],"_links":{"self":[{"href":"https:\/\/fpciclismo.org.br\/index.php\/wp-json\/wp\/v2\/posts\/1861","targetHints":{"allow":["GET"]}}],"collection":[{"href":"https:\/\/fpciclismo.org.br\/index.php\/wp-json\/wp\/v2\/posts"}],"about":[{"href":"https:\/\/fpciclismo.org.br\/index.php\/wp-json\/wp\/v2\/types\/post"}],"author":[{"embeddable":true,"href":"https:\/\/fpciclismo.org.br\/index.php\/wp-json\/wp\/v2\/users\/1"}],"replies":[{"embeddable":true,"href":"https:\/\/fpciclismo.org.br\/index.php\/wp-json\/wp\/v2\/comments?post=1861"}],"version-history":[{"count":1,"href":"https:\/\/fpciclismo.org.br\/index.php\/wp-json\/wp\/v2\/posts\/1861\/revisions"}],"predecessor-version":[{"id":1863,"href":"https:\/\/fpciclismo.org.br\/index.php\/wp-json\/wp\/v2\/posts\/1861\/revisions\/1863"}],"wp:featuredmedia":[{"embeddable":true,"href":"https:\/\/fpciclismo.org.br\/index.php\/wp-json\/wp\/v2\/media\/1862"}],"wp:attachment":[{"href":"https:\/\/fpciclismo.org.br\/index.php\/wp-json\/wp\/v2\/media?parent=1861"}],"wp:term":[{"taxonomy":"category","embeddable":true,"href":"https:\/\/fpciclismo.org.br\/index.php\/wp-json\/wp\/v2\/categories?post=1861"},{"taxonomy":"post_tag","embeddable":true,"href":"https:\/\/fpciclismo.org.br\/index.php\/wp-json\/wp\/v2\/tags?post=1861"}],"curies":[{"name":"wp","href":"https:\/\/api.w.org\/{rel}","templated":true}]}}