{"id":1913,"date":"2020-09-14T15:27:00","date_gmt":"2020-09-14T18:27:00","guid":{"rendered":"https:\/\/fpciclismo.org.br\/?p=1913"},"modified":"2024-08-15T17:43:20","modified_gmt":"2024-08-15T20:43:20","slug":"bicicleta-eletrica-e-cicloturismo-isso-combina","status":"publish","type":"post","link":"https:\/\/fpciclismo.org.br\/index.php\/2020\/09\/14\/bicicleta-eletrica-e-cicloturismo-isso-combina\/","title":{"rendered":"Bicicleta el\u00e9trica e cicloturismo: Isso combina?"},"content":{"rendered":"\n<p><em>Extra\u00eddo do site revista bicicleta, por Anderson Ricardo<\/em><\/p>\n\n\n\n<p>O MESTRE ANTONIO OLINTO CONCEITUA CICLOTURISMO DA SEGUINTE FORMA: \u201cCICLOTURISMO NADA MAIS \u00c9 QUE FAZER TURISMO UTILIZANDO COMO VE\u00cdCULO A BICICLETA OU VIAJAR DE BICICLETA. MINHA CONCEP\u00c7\u00c3O DE CICLOTURISMO EST\u00c1 PROFUNDAMENTE LIGADA COM MINHA EXPERI\u00caNCIA DE VIDA E UMA VIAGEM DE TR\u00caS ANOS E MEIO COM BICICLETA ONDE PERCORRI 46.620 KM EM 34 PA\u00cdSES DE QUATRO CONTINENTES\u201d.<\/p>\n\n\n\n<p>Ele ainda explica que uma caracter\u00edstica b\u00e1sica do cicloturismo \u00e9 percorrer longas dist\u00e2ncias, uma marca registrada do cicloturista \u00e9 a carga na bicicleta, e h\u00e1 ainda uma mudan\u00e7a primordial na concep\u00e7\u00e3o do exerc\u00edcio f\u00edsico, j\u00e1 que o cicloturista n\u00e3o procura recordes ou grandes velocidades, mas sim recrea\u00e7\u00e3o e conhecimento.<\/p>\n\n\n\n<p>Tomando por base as defini\u00e7\u00f5es acima, seria poss\u00edvel incluirmos a bicicleta el\u00e9trica equiparada \u00e0 bicicleta convencional, sem descaracterizar o conceito de cicloturismo?<\/p>\n\n\n\n<p>Todo cicloturista que se preze vai afirmar que pedalar \u00e9 uma fonte de grande prazer para ele. Mas nem todas as pessoas, em todos os lugares, s\u00e3o capazes de viajar com uma bicicleta, seja pela condi\u00e7\u00e3o f\u00edsica ou at\u00e9 por fatores psicol\u00f3gicos, como o sentimento de incapacidade, seja por causas naturais, como muitos aclives ou ventos fortes. Seria poss\u00edvel, com uma bicicleta el\u00e9trica, dar a oportunidade a essas pessoas de experimentar o cicloturismo?<\/p>\n\n\n\n<p>A discuss\u00e3o, ao final, n\u00e3o \u00e9 sobre substituir o ato de pedalar; \u00e9 sobre fomentar a bicicleta e ampliar o alcance da experi\u00eancia do cicloturismo.<\/p>\n\n\n\n<p>Em agosto de 2013 (edi\u00e7\u00e3o 31), publicamos como mat\u00e9ria de capa a viagem do pesquisador holand\u00eas Gijs Stevers, que percorreu 20 mil quil\u00f4metros do extremo norte europeu, em Cabo Norte, Noruega, at\u00e9 o extremo sul da \u00c1frica, em Cabo da Boa Esperan\u00e7a, com uma bicicleta el\u00e9trica. Sua jornada teve como prop\u00f3sito conhecer iniciativas em prol da energia renov\u00e1vel.<\/p>\n\n\n\n<p>Perfeitamente em sintonia com este tema, Gijs afirmou \u00e0 \u00e9poca: \u201ceu sei que a bicicleta el\u00e9trica \u00e9 menos sustent\u00e1vel do que uma bicicleta normal, e que eu n\u00e3o pude carregar sua bateria apenas usando energia renov\u00e1vel ao longo da viagem. No entanto, ela ainda \u00e9 muito mais sustent\u00e1vel que qualquer outro meio de transporte. Poderia ter feito a viagem de moto, carro, transporte p\u00fablico, mas essas op\u00e7\u00f5es deixariam uma pegada maior no meio ambiente\u201d. Para ilustrar, ele afirmou que ap\u00f3s a viagem instalou 16 pain\u00e9is solares na casa de seus parentes e em duas semanas a instala\u00e7\u00e3o produziu a mesma quantidade de energia consumida pela e-bike nos 10 meses de viagem. Por contar com o aux\u00edlio el\u00e9trico, Gijs p\u00f4de transportar uma bagagem mais pesada, com cerca de 70 kg, um verdadeiro exagero para cicloturistas.<\/p>\n","protected":false},"excerpt":{"rendered":"<p>Extra\u00eddo do site revista bicicleta, por Anderson Ricardo O MESTRE ANTONIO OLINTO CONCEITUA CICLOTURISMO DA SEGUINTE FORMA: \u201cCICLOTURISMO NADA MAIS \u00c9 QUE FAZER TURISMO UTILIZANDO COMO VE\u00cdCULO A BICICLETA OU VIAJAR DE BICICLETA. MINHA CONCEP\u00c7\u00c3O DE CICLOTURISMO EST\u00c1 PROFUNDAMENTE LIGADA COM MINHA EXPERI\u00caNCIA DE VIDA E UMA VIAGEM DE TR\u00caS ANOS E MEIO COM BICICLETA ONDE PERCORRI 46.620 KM EM &hellip;<\/p>\n","protected":false},"author":1,"featured_media":1914,"comment_status":"open","ping_status":"closed","sticky":false,"template":"","format":"standard","meta":{"footnotes":""},"categories":[33],"tags":[48,53],"class_list":["post-1913","post","type-post","status-publish","format-standard","has-post-thumbnail","hentry","category-cicloturismo","tag-destaque","tag-e-bike"],"_links":{"self":[{"href":"https:\/\/fpciclismo.org.br\/index.php\/wp-json\/wp\/v2\/posts\/1913","targetHints":{"allow":["GET"]}}],"collection":[{"href":"https:\/\/fpciclismo.org.br\/index.php\/wp-json\/wp\/v2\/posts"}],"about":[{"href":"https:\/\/fpciclismo.org.br\/index.php\/wp-json\/wp\/v2\/types\/post"}],"author":[{"embeddable":true,"href":"https:\/\/fpciclismo.org.br\/index.php\/wp-json\/wp\/v2\/users\/1"}],"replies":[{"embeddable":true,"href":"https:\/\/fpciclismo.org.br\/index.php\/wp-json\/wp\/v2\/comments?post=1913"}],"version-history":[{"count":1,"href":"https:\/\/fpciclismo.org.br\/index.php\/wp-json\/wp\/v2\/posts\/1913\/revisions"}],"predecessor-version":[{"id":1915,"href":"https:\/\/fpciclismo.org.br\/index.php\/wp-json\/wp\/v2\/posts\/1913\/revisions\/1915"}],"wp:featuredmedia":[{"embeddable":true,"href":"https:\/\/fpciclismo.org.br\/index.php\/wp-json\/wp\/v2\/media\/1914"}],"wp:attachment":[{"href":"https:\/\/fpciclismo.org.br\/index.php\/wp-json\/wp\/v2\/media?parent=1913"}],"wp:term":[{"taxonomy":"category","embeddable":true,"href":"https:\/\/fpciclismo.org.br\/index.php\/wp-json\/wp\/v2\/categories?post=1913"},{"taxonomy":"post_tag","embeddable":true,"href":"https:\/\/fpciclismo.org.br\/index.php\/wp-json\/wp\/v2\/tags?post=1913"}],"curies":[{"name":"wp","href":"https:\/\/api.w.org\/{rel}","templated":true}]}}