{"id":5192,"date":"2025-02-28T10:47:11","date_gmt":"2025-02-28T13:47:11","guid":{"rendered":"https:\/\/fpciclismo.org.br\/?p=5192"},"modified":"2025-02-28T10:47:11","modified_gmt":"2025-02-28T13:47:11","slug":"1-copa-pre-bike-holambra","status":"publish","type":"post","link":"https:\/\/fpciclismo.org.br\/index.php\/2025\/02\/28\/1-copa-pre-bike-holambra\/","title":{"rendered":"1\u00b0 Copa Pr\u00e9-bike Holambra"},"content":{"rendered":"<p align=\"justify\">\n<p align=\"justify\"><span style=\"font-family: AppleGothic, sans-serif;\">A cidade de Holambra ser\u00e1 sede, nos dias 26 e 27 de abril, da 1\u00b0 Copa Pr\u00e9-bike Holambra. Trata-se de um evento pioneiro no Brasil, que vem destacar e valorizar a inicia\u00e7\u00e3o no ciclismo. Ser\u00e1 um dia que promete muita divers\u00e3o, com corridas de Balance-Bike e tamb\u00e9m bike de pedal, e muitas brincadeiras.<\/span><\/p>\n<p align=\"justify\"><span style=\"font-family: AppleGothic, sans-serif;\">A associa\u00e7\u00e3o de BMX de Holambra vem convidar a todos para fazer parte deste evento que contar\u00e1 com duas etapas. A segunda etapa est\u00e1 programada para os dias 25 e 26 de outubro. O evento ser\u00e1 realizado no complexo esportivo do Bairro Alegre, na cidade de Holambra, e contar\u00e1 com uma pista constru\u00edda exclusivamente para os pequeninos. As categorias ir\u00e3o de 0 a 6 anos na Balance-Bike, e de 4 a 6 anos na bike com pedal.<\/span><\/p>\n<p align=\"justify\"><span style=\"font-family: AppleGothic, sans-serif;\">As inscri\u00e7\u00f5es t\u00eam um valor de R$ 35,00 e podem ser feitas pelo site <a href=\"http:\/\/www.pyxisbrasil.com\/\">www.pyxisbrasil.com<\/a>, at\u00e9 o dia 23\/04\/2025, \u00e0s 23h59. Est\u00e1 prevista premia\u00e7\u00e3o de medalhas nas duas etapas para os pilotinhos e pilotinhas at\u00e9 8 coloca\u00e7\u00e3o e trof\u00e9u de ranking para os que participarem das duas etapas.<\/span><\/p>\n<p align=\"justify\"><span style=\"font-family: AppleGothic, sans-serif;\">N\u00e3o perca tempo e garanta a vaga do seu filho neste evento.<\/span><\/p>\n","protected":false},"excerpt":{"rendered":"<p>A cidade de Holambra ser\u00e1 sede, nos dias 26 e 27 de abril, da 1\u00b0 Copa Pr\u00e9-bike Holambra. Trata-se de um evento pioneiro no Brasil, que vem destacar e valorizar a inicia\u00e7\u00e3o no ciclismo. Ser\u00e1 um dia que promete muita divers\u00e3o, com corridas de Balance-Bike e tamb\u00e9m bike de pedal, e muitas brincadeiras. A associa\u00e7\u00e3o de BMX de Holambra vem &hellip;<\/p>\n","protected":false},"author":3,"featured_media":5193,"comment_status":"open","ping_status":"closed","sticky":false,"template":"","format":"standard","meta":{"footnotes":""},"categories":[1],"tags":[],"class_list":["post-5192","post","type-post","status-publish","format-standard","has-post-thumbnail","hentry","category-bmx1"],"_links":{"self":[{"href":"https:\/\/fpciclismo.org.br\/index.php\/wp-json\/wp\/v2\/posts\/5192","targetHints":{"allow":["GET"]}}],"collection":[{"href":"https:\/\/fpciclismo.org.br\/index.php\/wp-json\/wp\/v2\/posts"}],"about":[{"href":"https:\/\/fpciclismo.org.br\/index.php\/wp-json\/wp\/v2\/types\/post"}],"author":[{"embeddable":true,"href":"https:\/\/fpciclismo.org.br\/index.php\/wp-json\/wp\/v2\/users\/3"}],"replies":[{"embeddable":true,"href":"https:\/\/fpciclismo.org.br\/index.php\/wp-json\/wp\/v2\/comments?post=5192"}],"version-history":[{"count":1,"href":"https:\/\/fpciclismo.org.br\/index.php\/wp-json\/wp\/v2\/posts\/5192\/revisions"}],"predecessor-version":[{"id":5194,"href":"https:\/\/fpciclismo.org.br\/index.php\/wp-json\/wp\/v2\/posts\/5192\/revisions\/5194"}],"wp:featuredmedia":[{"embeddable":true,"href":"https:\/\/fpciclismo.org.br\/index.php\/wp-json\/wp\/v2\/media\/5193"}],"wp:attachment":[{"href":"https:\/\/fpciclismo.org.br\/index.php\/wp-json\/wp\/v2\/media?parent=5192"}],"wp:term":[{"taxonomy":"category","embeddable":true,"href":"https:\/\/fpciclismo.org.br\/index.php\/wp-json\/wp\/v2\/categories?post=5192"},{"taxonomy":"post_tag","embeddable":true,"href":"https:\/\/fpciclismo.org.br\/index.php\/wp-json\/wp\/v2\/tags?post=5192"}],"curies":[{"name":"wp","href":"https:\/\/api.w.org\/{rel}","templated":true}]}}