{"id":5386,"date":"2025-05-22T16:11:08","date_gmt":"2025-05-22T19:11:08","guid":{"rendered":"https:\/\/fpciclismo.org.br\/?p=5386"},"modified":"2025-05-22T16:11:08","modified_gmt":"2025-05-22T19:11:08","slug":"1o-seminario-pedalando-cicloturismo-em-santos","status":"publish","type":"post","link":"https:\/\/fpciclismo.org.br\/index.php\/2025\/05\/22\/1o-seminario-pedalando-cicloturismo-em-santos\/","title":{"rendered":"1\u00ba SEMIN\u00c1RIO PEDALANDO CICLOTURISMO EM SANTOS"},"content":{"rendered":"<p>&nbsp;<\/p>\n<p>&nbsp;<\/p>\n<p><span style=\"font-family: Nanum Gothic, sans-serif;\">6\/06 &#8211; Sexta<\/span><\/p>\n<p><span style=\"font-family: Nanum Gothic, sans-serif;\">Pain\u00e9is Tem\u00e1ticos<\/span><\/p>\n<p>&nbsp;<\/p>\n<p><span style=\"font-family: Nanum Gothic, sans-serif;\">7\/6 &#8211; S\u00e1bado<\/span><\/p>\n<p><span style=\"font-family: Nanum Gothic, sans-serif;\">Passeio Cicl\u00edstico<\/span><\/p>\n<p><span style=\"font-family: Nanum Gothic, sans-serif;\">10h em frente ao Museu Pel\u00e9<\/span><\/p>\n<p>&nbsp;<\/p>\n<p>&nbsp;<\/p>\n<p><span style=\"font-family: Nanum Gothic, sans-serif;\">Inscri\u00e7\u00f5es a partir de 26\/05<\/span><\/p>\n<p><a href=\"mailto:abciclistas768@gmail.com\"><span style=\"font-family: Nanum Gothic, sans-serif;\">abciclistas768@gmail.com<\/span><\/a><\/p>\n<p><span style=\"font-family: Nanum Gothic, sans-serif;\">Informa\u00e7\u00f5es: (13) 99135-0360<\/span><\/p>\n<p>&nbsp;<\/p>\n<p><span style=\"font-family: Nanum Gothic, sans-serif;\">Levar um um\u00a0 litro de leite para doar ao Fundo Social de Santos<\/span><\/p>\n","protected":false},"excerpt":{"rendered":"<p>&nbsp; &nbsp; 6\/06 &#8211; Sexta Pain\u00e9is Tem\u00e1ticos &nbsp; 7\/6 &#8211; S\u00e1bado Passeio Cicl\u00edstico 10h em frente ao Museu Pel\u00e9 &nbsp; &nbsp; Inscri\u00e7\u00f5es a partir de 26\/05 abciclistas768@gmail.com Informa\u00e7\u00f5es: (13) 99135-0360 &nbsp; Levar um um\u00a0 litro de leite para doar ao Fundo Social de Santos<\/p>\n","protected":false},"author":3,"featured_media":5387,"comment_status":"open","ping_status":"closed","sticky":false,"template":"","format":"standard","meta":{"footnotes":""},"categories":[33],"tags":[],"class_list":["post-5386","post","type-post","status-publish","format-standard","has-post-thumbnail","hentry","category-cicloturismo"],"_links":{"self":[{"href":"https:\/\/fpciclismo.org.br\/index.php\/wp-json\/wp\/v2\/posts\/5386","targetHints":{"allow":["GET"]}}],"collection":[{"href":"https:\/\/fpciclismo.org.br\/index.php\/wp-json\/wp\/v2\/posts"}],"about":[{"href":"https:\/\/fpciclismo.org.br\/index.php\/wp-json\/wp\/v2\/types\/post"}],"author":[{"embeddable":true,"href":"https:\/\/fpciclismo.org.br\/index.php\/wp-json\/wp\/v2\/users\/3"}],"replies":[{"embeddable":true,"href":"https:\/\/fpciclismo.org.br\/index.php\/wp-json\/wp\/v2\/comments?post=5386"}],"version-history":[{"count":1,"href":"https:\/\/fpciclismo.org.br\/index.php\/wp-json\/wp\/v2\/posts\/5386\/revisions"}],"predecessor-version":[{"id":5388,"href":"https:\/\/fpciclismo.org.br\/index.php\/wp-json\/wp\/v2\/posts\/5386\/revisions\/5388"}],"wp:featuredmedia":[{"embeddable":true,"href":"https:\/\/fpciclismo.org.br\/index.php\/wp-json\/wp\/v2\/media\/5387"}],"wp:attachment":[{"href":"https:\/\/fpciclismo.org.br\/index.php\/wp-json\/wp\/v2\/media?parent=5386"}],"wp:term":[{"taxonomy":"category","embeddable":true,"href":"https:\/\/fpciclismo.org.br\/index.php\/wp-json\/wp\/v2\/categories?post=5386"},{"taxonomy":"post_tag","embeddable":true,"href":"https:\/\/fpciclismo.org.br\/index.php\/wp-json\/wp\/v2\/tags?post=5386"}],"curies":[{"name":"wp","href":"https:\/\/api.w.org\/{rel}","templated":true}]}}