{"id":5399,"date":"2025-06-02T14:17:31","date_gmt":"2025-06-02T17:17:31","guid":{"rendered":"https:\/\/fpciclismo.org.br\/?p=5399"},"modified":"2025-06-02T14:17:31","modified_gmt":"2025-06-02T17:17:31","slug":"nota-de-pesar","status":"publish","type":"post","link":"https:\/\/fpciclismo.org.br\/index.php\/2025\/06\/02\/nota-de-pesar\/","title":{"rendered":"Nota de Pesar"},"content":{"rendered":"<p>A Federa\u00e7\u00e3o Paulista de Ciclismo comunica, com enorme pesar, o falecimento do ciclista Donizete Roberto Fernandes, aos 64 anos, ocorrido no domingo (1), no hospital Santa Casa de Miseric\u00f3rdia, em Araraquara. Ele passou por uma cirurgia para a retirada de um c\u00e2ncer na bexiga na semana passada e, estando muito debilitado, n\u00e3o resistiu.<\/p>\n<p>Conhecido como \u201cPardal\u201d, ele foi um dos principais nomes do ciclismo araraquarense, tendo representado o munic\u00edpio por meio da Fundesport nas principais competi\u00e7\u00f5es do Estado, al\u00e9m dos Jogos Regionais e Jogos Abertos, e competia atualmente em sua categoria.<\/p>\n<p>Donizete Fernandes, comerciante e mec\u00e2nico de bicicletas, deixa uma irm\u00e3, sobrinhos e centenas de amigos em Araraquara e em todo o Estado. A FPCiclismo se solidariza com amigos e familiares neste momento de dor e tristeza.<\/p>\n<p>Nossos sentimentos a todos!<\/p>\n","protected":false},"excerpt":{"rendered":"<p>A Federa\u00e7\u00e3o Paulista de Ciclismo comunica, com enorme pesar, o falecimento do ciclista Donizete Roberto Fernandes, aos 64 anos, ocorrido no domingo (1), no hospital Santa Casa de Miseric\u00f3rdia, em Araraquara. Ele passou por uma cirurgia para a retirada de um c\u00e2ncer na bexiga na semana passada e, estando muito debilitado, n\u00e3o resistiu. Conhecido como \u201cPardal\u201d, ele foi um dos &hellip;<\/p>\n","protected":false},"author":3,"featured_media":5400,"comment_status":"open","ping_status":"closed","sticky":false,"template":"","format":"standard","meta":{"footnotes":""},"categories":[41],"tags":[],"class_list":["post-5399","post","type-post","status-publish","format-standard","has-post-thumbnail","hentry","category-outros"],"_links":{"self":[{"href":"https:\/\/fpciclismo.org.br\/index.php\/wp-json\/wp\/v2\/posts\/5399","targetHints":{"allow":["GET"]}}],"collection":[{"href":"https:\/\/fpciclismo.org.br\/index.php\/wp-json\/wp\/v2\/posts"}],"about":[{"href":"https:\/\/fpciclismo.org.br\/index.php\/wp-json\/wp\/v2\/types\/post"}],"author":[{"embeddable":true,"href":"https:\/\/fpciclismo.org.br\/index.php\/wp-json\/wp\/v2\/users\/3"}],"replies":[{"embeddable":true,"href":"https:\/\/fpciclismo.org.br\/index.php\/wp-json\/wp\/v2\/comments?post=5399"}],"version-history":[{"count":1,"href":"https:\/\/fpciclismo.org.br\/index.php\/wp-json\/wp\/v2\/posts\/5399\/revisions"}],"predecessor-version":[{"id":5401,"href":"https:\/\/fpciclismo.org.br\/index.php\/wp-json\/wp\/v2\/posts\/5399\/revisions\/5401"}],"wp:featuredmedia":[{"embeddable":true,"href":"https:\/\/fpciclismo.org.br\/index.php\/wp-json\/wp\/v2\/media\/5400"}],"wp:attachment":[{"href":"https:\/\/fpciclismo.org.br\/index.php\/wp-json\/wp\/v2\/media?parent=5399"}],"wp:term":[{"taxonomy":"category","embeddable":true,"href":"https:\/\/fpciclismo.org.br\/index.php\/wp-json\/wp\/v2\/categories?post=5399"},{"taxonomy":"post_tag","embeddable":true,"href":"https:\/\/fpciclismo.org.br\/index.php\/wp-json\/wp\/v2\/tags?post=5399"}],"curies":[{"name":"wp","href":"https:\/\/api.w.org\/{rel}","templated":true}]}}