{"id":5771,"date":"2025-11-05T12:11:56","date_gmt":"2025-11-05T15:11:56","guid":{"rendered":"https:\/\/fpciclismo.org.br\/?p=5771"},"modified":"2025-11-05T12:11:56","modified_gmt":"2025-11-05T15:11:56","slug":"denis-marrom-conquista-prata-no-panamericano-de-ciclismo-de-pista-master","status":"publish","type":"post","link":"https:\/\/fpciclismo.org.br\/index.php\/2025\/11\/05\/denis-marrom-conquista-prata-no-panamericano-de-ciclismo-de-pista-master\/","title":{"rendered":"Denis \u201cMarrom\u201d conquista prata no Panamericano de Ciclismo de Pista Master"},"content":{"rendered":"<p>O ciclista Denis Willian da Silva Batista, conhecido no pelot\u00e3o como \u201cMarrom\u201d, teve um excelente desempenho no Campeonato Panamericano de Ciclismo de Pista Master, conquistando a medalha de prata para o pa\u00eds na prova de km contra o rel\u00f3gio. A competi\u00e7\u00e3o ocorreu entre os dias 20 e 26 de outubro, em Assun\u00e7\u00e3o, no Paraguai.<\/p>\n<p>Al\u00e9m do p\u00f3dio, o atleta, que representa a equipe de Ciclismo de Franca (SP), tamb\u00e9m ficou em quarto lugar em outras tr\u00eas provas: velocidade por equipe, keirin e 200 metros.<\/p>\n<p>Aos 42 anos, Denis vive uma fase madura e competitiva na pista. Atual campe\u00e3o paulista dos 200 metros (t\u00edtulo conquistado em 2024), ele acumula uma trajet\u00f3ria de longa dedica\u00e7\u00e3o ao esporte. Iniciou no ciclismo aos 12 anos, competindo no mountain bike, e migrou para o ciclismo de pista em 2022 \u2014 embora j\u00e1 tivesse tido contato com a modalidade em 2012, quando conquistou a medalha de prata nos Jogos Regionais, tamb\u00e9m nos 200 metros.<\/p>\n<p>Durante a \u00e9poca do MTB, Denis disputou diversas provas nacionais, inclusive campeonatos brasileiros na categoria Sub-23, consolidando uma carreira marcada pela versatilidade e pela paix\u00e3o pelo ciclismo.<\/p>\n<p>A Federa\u00e7\u00e3o Paulista de Ciclismo parabeniza o atleta pelo excelente desempenho ao representar o pa\u00eds e o estado na competi\u00e7\u00e3o.<\/p>\n","protected":false},"excerpt":{"rendered":"<p>O ciclista Denis Willian da Silva Batista, conhecido no pelot\u00e3o como \u201cMarrom\u201d, teve um excelente desempenho no Campeonato Panamericano de Ciclismo de Pista Master, conquistando a medalha de prata para o pa\u00eds na prova de km contra o rel\u00f3gio. A competi\u00e7\u00e3o ocorreu entre os dias 20 e 26 de outubro, em Assun\u00e7\u00e3o, no Paraguai. Al\u00e9m do p\u00f3dio, o atleta, que &hellip;<\/p>\n","protected":false},"author":3,"featured_media":5772,"comment_status":"open","ping_status":"closed","sticky":false,"template":"","format":"standard","meta":{"footnotes":""},"categories":[43],"tags":[],"class_list":["post-5771","post","type-post","status-publish","format-standard","has-post-thumbnail","hentry","category-pista"],"_links":{"self":[{"href":"https:\/\/fpciclismo.org.br\/index.php\/wp-json\/wp\/v2\/posts\/5771","targetHints":{"allow":["GET"]}}],"collection":[{"href":"https:\/\/fpciclismo.org.br\/index.php\/wp-json\/wp\/v2\/posts"}],"about":[{"href":"https:\/\/fpciclismo.org.br\/index.php\/wp-json\/wp\/v2\/types\/post"}],"author":[{"embeddable":true,"href":"https:\/\/fpciclismo.org.br\/index.php\/wp-json\/wp\/v2\/users\/3"}],"replies":[{"embeddable":true,"href":"https:\/\/fpciclismo.org.br\/index.php\/wp-json\/wp\/v2\/comments?post=5771"}],"version-history":[{"count":1,"href":"https:\/\/fpciclismo.org.br\/index.php\/wp-json\/wp\/v2\/posts\/5771\/revisions"}],"predecessor-version":[{"id":5773,"href":"https:\/\/fpciclismo.org.br\/index.php\/wp-json\/wp\/v2\/posts\/5771\/revisions\/5773"}],"wp:featuredmedia":[{"embeddable":true,"href":"https:\/\/fpciclismo.org.br\/index.php\/wp-json\/wp\/v2\/media\/5772"}],"wp:attachment":[{"href":"https:\/\/fpciclismo.org.br\/index.php\/wp-json\/wp\/v2\/media?parent=5771"}],"wp:term":[{"taxonomy":"category","embeddable":true,"href":"https:\/\/fpciclismo.org.br\/index.php\/wp-json\/wp\/v2\/categories?post=5771"},{"taxonomy":"post_tag","embeddable":true,"href":"https:\/\/fpciclismo.org.br\/index.php\/wp-json\/wp\/v2\/tags?post=5771"}],"curies":[{"name":"wp","href":"https:\/\/api.w.org\/{rel}","templated":true}]}}