{"id":5864,"date":"2025-12-12T09:25:10","date_gmt":"2025-12-12T12:25:10","guid":{"rendered":"https:\/\/fpciclismo.org.br\/?p=5864"},"modified":"2025-12-12T09:25:10","modified_gmt":"2025-12-12T12:25:10","slug":"passeio-ciclistico-ciclismo-para-todos-sera-atracao-no-dia-21","status":"publish","type":"post","link":"https:\/\/fpciclismo.org.br\/index.php\/2025\/12\/12\/passeio-ciclistico-ciclismo-para-todos-sera-atracao-no-dia-21\/","title":{"rendered":"Passeio Cicl\u00edstico \u201cCiclismo para Todos\u201d  ser\u00e1 atra\u00e7\u00e3o no dia 21"},"content":{"rendered":"<p align=\"center\">\n<p align=\"center\"><span style=\"font-family: AppleGothic, sans-serif;\"><b><strong>A\u00e7\u00e3o acontece na Via Park \u2013 Parque Ecol\u00f3gico do Tiet\u00ea<\/strong><\/b><\/span><\/p>\n<p align=\"center\">\n<p align=\"justify\"><span style=\"font-family: AppleGothic, sans-serif;\"><b><strong>S\u00e3o Paulo (SP)<\/strong> \u2013 <\/b>O dia 21 de dezembro de 2025 marcar\u00e1 o encerramento da temporada de eventos da Federa\u00e7\u00e3o Paulista de Ciclismo em grande estilo, com mais uma edi\u00e7\u00e3o do tradicional Ciclismo para Todos. O passeio ser\u00e1 realizado na Via Park \u2013 Parque Ecol\u00f3gico do Tiet\u00ea, com acesso pela Rodovia Ayrton Senna, sentido S\u00e3o Paulo, em um percurso de 6 km por volta, ideal para celebrar a paix\u00e3o pelo pedal. A largada ser\u00e1 a partir das 7 horas.<\/span><\/p>\n<p align=\"justify\"><span style=\"font-family: AppleGothic, sans-serif;\">Para participar, basta realizar a inscri\u00e7\u00e3o gratuita pelo link<br \/>\n<a href=\"https:\/\/inscricao.seuesporte.app\/events\/ciclismo-para-todos-tiete\">https:\/\/inscricao.seuesporte.app\/events\/ciclismo-para-todos-tiete<\/a> at\u00e9 o dia 20 de dezembro, e contribuir com 2 kg de alimentos n\u00e3o perec\u00edveis, refor\u00e7ando o esp\u00edrito solid\u00e1rio que marca o final do ano.<\/span><\/p>\n<p align=\"justify\"><span style=\"font-family: AppleGothic, sans-serif;\">A idade m\u00ednima para participar do passeio cicl\u00edstico \u00e9 12 anos. Menores de 18 anos devem apresentar autoriza\u00e7\u00e3o assinada pelos respons\u00e1veis. Caso o respons\u00e1vel opte por levar crian\u00e7as menores de 12 anos, a organiza\u00e7\u00e3o do evento n\u00e3o se responsabilizar\u00e1.<\/span><\/p>\n<p align=\"justify\"><span style=\"font-family: AppleGothic, sans-serif;\">Os participantes completar\u00e3o duas voltas no percurso de 6 km, em um pelot\u00e3o \u00fanico e concentrado. A confirma\u00e7\u00e3o e retirada dos kits acontecer\u00e3o entre 6h e 6h45, e a largada est\u00e1 prevista para 7h. O kit inclui camiseta, sacochila, squeeze de alum\u00ednio e capacete.<\/span><\/p>\n<p align=\"justify\"><span style=\"font-family: AppleGothic, sans-serif;\">Organizado pela Federa\u00e7\u00e3o Paulista de Ciclismo, o Ciclismo para Todos ter\u00e1 car\u00e1ter promocional e inclusivo, seguindo as diretrizes da UCI e do CBC, com apoio da Prefeitura de S\u00e3o Paulo.<\/span><\/p>\n<p align=\"justify\">\n<p align=\"justify\"><span style=\"font-family: AppleGothic, sans-serif;\">Mais informa\u00e7\u00f5es no site oficial, <a href=\"http:\/\/www.fpciclismo.org.br\/\">www.fpciclismo.org.br<\/a> <\/span><\/p>\n<p align=\"justify\">\n<p align=\"left\"><span style=\"font-family: AppleGothic, sans-serif;\"><b><strong>Departamento de Imprensa \u2013 FPCiclismo<\/strong><br \/>\n<strong>Marcelo Eduardo Braga \u2013 MTB 18324<\/strong><br \/>\nFone: (11) 98266-6086<br \/>\nE-mails: imprensa@fpciclismo.org.br | mbragacom@mbragacom.com.br<\/b><\/span><\/p>\n<p align=\"justify\">\n","protected":false},"excerpt":{"rendered":"<p>A\u00e7\u00e3o acontece na Via Park \u2013 Parque Ecol\u00f3gico do Tiet\u00ea S\u00e3o Paulo (SP) \u2013 O dia 21 de dezembro de 2025 marcar\u00e1 o encerramento da temporada de eventos da Federa\u00e7\u00e3o Paulista de Ciclismo em grande estilo, com mais uma edi\u00e7\u00e3o do tradicional Ciclismo para Todos. O passeio ser\u00e1 realizado na Via Park \u2013 Parque Ecol\u00f3gico do Tiet\u00ea, com acesso pela &hellip;<\/p>\n","protected":false},"author":3,"featured_media":5865,"comment_status":"open","ping_status":"closed","sticky":false,"template":"","format":"standard","meta":{"footnotes":""},"categories":[41],"tags":[],"class_list":["post-5864","post","type-post","status-publish","format-standard","has-post-thumbnail","hentry","category-outros"],"_links":{"self":[{"href":"https:\/\/fpciclismo.org.br\/index.php\/wp-json\/wp\/v2\/posts\/5864","targetHints":{"allow":["GET"]}}],"collection":[{"href":"https:\/\/fpciclismo.org.br\/index.php\/wp-json\/wp\/v2\/posts"}],"about":[{"href":"https:\/\/fpciclismo.org.br\/index.php\/wp-json\/wp\/v2\/types\/post"}],"author":[{"embeddable":true,"href":"https:\/\/fpciclismo.org.br\/index.php\/wp-json\/wp\/v2\/users\/3"}],"replies":[{"embeddable":true,"href":"https:\/\/fpciclismo.org.br\/index.php\/wp-json\/wp\/v2\/comments?post=5864"}],"version-history":[{"count":1,"href":"https:\/\/fpciclismo.org.br\/index.php\/wp-json\/wp\/v2\/posts\/5864\/revisions"}],"predecessor-version":[{"id":5866,"href":"https:\/\/fpciclismo.org.br\/index.php\/wp-json\/wp\/v2\/posts\/5864\/revisions\/5866"}],"wp:featuredmedia":[{"embeddable":true,"href":"https:\/\/fpciclismo.org.br\/index.php\/wp-json\/wp\/v2\/media\/5865"}],"wp:attachment":[{"href":"https:\/\/fpciclismo.org.br\/index.php\/wp-json\/wp\/v2\/media?parent=5864"}],"wp:term":[{"taxonomy":"category","embeddable":true,"href":"https:\/\/fpciclismo.org.br\/index.php\/wp-json\/wp\/v2\/categories?post=5864"},{"taxonomy":"post_tag","embeddable":true,"href":"https:\/\/fpciclismo.org.br\/index.php\/wp-json\/wp\/v2\/tags?post=5864"}],"curies":[{"name":"wp","href":"https:\/\/api.w.org\/{rel}","templated":true}]}}