{"id":6217,"date":"2026-04-30T09:55:36","date_gmt":"2026-04-30T12:55:36","guid":{"rendered":"https:\/\/fpciclismo.org.br\/?p=6217"},"modified":"2026-04-30T09:55:36","modified_gmt":"2026-04-30T12:55:36","slug":"74a-prova-ciclistica-1o-de-maio-e-a-atracao-no-feriado","status":"publish","type":"post","link":"https:\/\/fpciclismo.org.br\/index.php\/2026\/04\/30\/74a-prova-ciclistica-1o-de-maio-e-a-atracao-no-feriado\/","title":{"rendered":"74\u00aa Prova Cicl\u00edstica 1\u00ba de Maio  \u00e9 a atra\u00e7\u00e3o no feriado"},"content":{"rendered":"<p align=\"center\">\n<p align=\"center\"><strong><span style=\"font-family: AppleGothic, sans-serif;\"><span style=\"font-size: small;\">Prova ser\u00e1 disputa<\/span><\/span><\/strong><strong><span style=\"font-family: AppleGothic, sans-serif;\"><span style=\"font-size: small;\">da<\/span><\/span><\/strong><strong><span style=\"font-family: AppleGothic, sans-serif;\"><span style=\"font-size: small;\"> em Indaiatuba.<\/span><\/span><\/strong><\/p>\n<p>&nbsp;<\/p>\n<p align=\"justify\"><span style=\"font-family: AppleGothic, sans-serif;\"><span style=\"font-size: small;\">S\u00e3o Paulo (SP) \u2014 A Prova Cicl\u00edstica 1\u00ba de Maio chega \u00e0 sua 74\u00aa edi\u00e7\u00e3o no dia 1\u00ba de maio de 2026, mantendo o status de uma das competi\u00e7\u00f5es mais tradicionais do ciclismo brasileiro e refor\u00e7ando seu protagonismo no calend\u00e1rio nacional. Marcado para o feriado do Dia Internacional do Trabalho, o evento ser\u00e1 disputado em Indaiatuba e reunir\u00e1 atletas de diferentes categorias e n\u00edveis t\u00e9cnicos.<\/span><\/span><\/p>\n<p align=\"justify\"><span style=\"font-family: AppleGothic, sans-serif;\"><span style=\"font-size: small;\">Al\u00e9m do car\u00e1ter competitivo, a prova tamb\u00e9m ganha relev\u00e2ncia estrat\u00e9gica ao servir como prepara\u00e7\u00e3o para a 12\u00aa Volta Cicl\u00edstica Internacional do Estado de S\u00e3o Paulo, programada entre os dias 4 e 10 de maio. A expectativa \u00e9 de um pelot\u00e3o qualificado, com ciclistas brasileiros e estrangeiros em busca de ritmo de competi\u00e7\u00e3o \u00e0s v\u00e9speras de uma das principais voltas por etapas do pa\u00eds.<\/span><\/span><\/p>\n<p align=\"justify\"><span style=\"font-family: AppleGothic, sans-serif;\"><span style=\"font-size: small;\">Aberta a atletas devidamente filiados na temporada, a disputa integra o Ranking Paulista e o Ranking Nacional de Estrada, na Classe 3, sob supervis\u00e3o da Confedera\u00e7\u00e3o Brasileira de Ciclismo, refor\u00e7ando seu peso esportivo.<\/span><\/span><\/p>\n<p align=\"justify\"><span style=\"font-family: AppleGothic, sans-serif;\"><span style=\"font-size: small;\">O percurso ser\u00e1 realizado em um circuito fechado de 2,6 quil\u00f4metros por volta, montado na Avenida Engenheiro F\u00e1bio Roberto Barnab\u00e9, no Jardim Esplanada, oferecendo condi\u00e7\u00f5es t\u00e9cnicas para provas din\u00e2micas e seguras. A programa\u00e7\u00e3o tem in\u00edcio previsto para as 8 horas.<\/span><\/span><\/p>\n<p align=\"justify\"><span style=\"font-family: AppleGothic, sans-serif;\"><span style=\"font-size: small;\">A competi\u00e7\u00e3o contempla diversas categorias, do ciclismo de base ao alto rendimento, com provas para Kids, Mirim e Infantil, al\u00e9m das categorias Elite, Sub-23, Master e MTB Elite, tanto no masculino quanto no feminino.<\/span><\/span><\/p>\n<p align=\"justify\"><span style=\"font-family: AppleGothic, sans-serif;\"><span style=\"font-size: small;\">A premia\u00e7\u00e3o ser\u00e1 destinada aos cinco primeiros colocados de cada uma das 32 categorias. Os campe\u00f5es receber\u00e3o trof\u00e9us, enquanto os demais p\u00f3dios ser\u00e3o contemplados com medalhas. Nas disputas de Elite e Sub-23, masculino e feminino, haver\u00e1 tamb\u00e9m premia\u00e7\u00e3o em dinheiro, com valores de at\u00e9 R$ 1.700 para os vencedores.<\/span><\/span><\/p>\n<p align=\"justify\"><span style=\"font-family: AppleGothic, sans-serif;\"><span style=\"font-size: small;\">Com tradi\u00e7\u00e3o consolidada e estrutura voltada ao alto rendimento, a Prova Cicl\u00edstica 1\u00ba de Maio segue como uma das principais vitrines do ciclismo de estrada no Brasil, desempenhando papel importante na revela\u00e7\u00e3o de talentos e na prepara\u00e7\u00e3o dos atletas para competi\u00e7\u00f5es de maior porte ao longo da temporada.<\/span><\/span><\/p>\n<p align=\"justify\"><span style=\"font-family: AppleGothic, sans-serif;\"><span style=\"font-size: small;\">No ano passado <span style=\"color: #000000;\">K\u00e1cio Freitas, da Swift Carbon Pro Cycling\/Ribeir\u00e3o Preto, e Ana Paula Polegatch, da Indaiatuba Cycling Team, foram os vencedores da Elite na tradicional 73\u00aa Prova Cicl\u00edstica 1\u00ba de Maio. K\u00e1cio, que no ano passado terminou em segundo, conquistou esta edi\u00e7\u00e3o ao completar as 40 voltas no circuito montado na Avenida Eng. F\u00e1bio Roberto Barnab\u00e9, 2800, com o tempo de 2h26min45.087. No feminino, Ana Paula Polegatch teve um desempenho \u00f3timo, garantindo o t\u00edtulo para a cidade-sede com o tempo de 1h25min25.399 para as 20 voltas no percurso.<\/span><\/span><\/span><\/p>\n<p align=\"justify\"><span style=\"color: #000000;\"><span style=\"font-family: AppleGothic, sans-serif;\"><span style=\"font-size: small;\">A 74\u00aa Prova Cicl\u00edstica 1\u00ba de Maio \u00e9 uma realiza\u00e7\u00e3o da Federa\u00e7\u00e3o Paulista de Ciclismo, com supervis\u00e3o da Confedera\u00e7\u00e3o Brasileira de Ciclismo e apoio da Prefeitura Municipal de Indaiatuba.<\/span><\/span><\/span><\/p>\n<p align=\"justify\">\n<p align=\"justify\"><strong><span style=\"font-family: AppleGothic, sans-serif;\"><span style=\"font-size: small;\">Resultados \u2013 edi\u00e7\u00e3o 2025<\/span><\/span><\/strong><\/p>\n<p align=\"justify\"><em><span style=\"font-family: AppleGothic, sans-serif;\"><span style=\"font-size: small;\">Elite Masculino (40 voltas)<\/span><\/span><\/em><\/p>\n<ol>\n<li>\n<p align=\"justify\"><span style=\"font-family: AppleGothic, sans-serif;\"><span style=\"font-size: small;\">K\u00e1cio Freitas (Swift Carbon Pro Cycling) \u2013 2:26:45.087 <\/span><\/span><\/p>\n<\/li>\n<li>\n<p align=\"justify\"><span style=\"font-family: AppleGothic, sans-serif;\"><span style=\"font-size: small;\">Igor Molina (Pindamonhangaba Cycling Team) \u2013 2:26:45.262 <\/span><\/span><\/p>\n<\/li>\n<li>\n<p align=\"justify\"><span style=\"font-family: AppleGothic, sans-serif;\"><span style=\"font-size: small;\">Pedro Leme (TCT \u2013 Taubat\u00e9 Cycling Team) \u2013 2:26:45.517 <\/span><\/span><\/p>\n<\/li>\n<li>\n<p align=\"justify\"><span style=\"font-family: AppleGothic, sans-serif;\"><span style=\"font-size: small;\">Euller Magno Rabelo (Pindamonhangaba Cycling Team) \u2013 2:26:45.685 <\/span><\/span><\/p>\n<\/li>\n<li>\n<p align=\"justify\"><span style=\"font-family: AppleGothic, sans-serif;\"><span style=\"font-size: small;\">Armando Reis da Costa Camargo (Indaiatuba Cycling Team) \u2013 2:26:46.179 <\/span><\/span><\/p>\n<\/li>\n<\/ol>\n<p align=\"justify\"><em><span style=\"font-family: AppleGothic, sans-serif;\"><span style=\"font-size: small;\">Elite Feminino (20 voltas)<\/span><\/span><\/em><\/p>\n<ol>\n<li>\n<p align=\"justify\"><span style=\"font-family: AppleGothic, sans-serif;\"><span style=\"font-size: small;\">Ana Paula Polegatch (Indaiatuba Cycling Team) \u2013 1:25:25.399 <\/span><\/span><\/p>\n<\/li>\n<li>\n<p align=\"justify\"><span style=\"font-family: AppleGothic, sans-serif;\"><span style=\"font-size: small;\">Carolina Barbosa do Nascimento (Indaiatuba Cycling Team) \u2013 1:27:12.345 <\/span><\/span><\/p>\n<\/li>\n<li>\n<p align=\"justify\"><span style=\"font-family: AppleGothic, sans-serif;\"><span style=\"font-size: small;\">Thayna Ara\u00fajo de Lima (Soul Cycles \u2013 Santos) \u2013 1:27:12.538 <\/span><\/span><\/p>\n<\/li>\n<li>\n<p align=\"justify\"><span style=\"font-family: AppleGothic, sans-serif;\"><span style=\"font-size: small;\">Talita da Luz Oliveira (ABEC Rio Claro) \u2013 1:27:12.594 <\/span><\/span><\/p>\n<\/li>\n<li>\n<p align=\"justify\"><span style=\"font-family: AppleGothic, sans-serif;\"><span style=\"font-size: small;\">Carolina Bilato (S\u00e3o Jos\u00e9 Ciclismo \/ Instituto Athon) \u2013 1:27:12.660 <\/span><\/span><\/p>\n<\/li>\n<\/ol>\n<p align=\"justify\">\n<p align=\"justify\"><span style=\"font-family: AppleGothic, sans-serif;\"><span style=\"font-size: small;\">Mais informa\u00e7\u00f5es: <a href=\"http:\/\/www.fpciclismo.org.br\/\" target=\"_new\">www.fpciclismo.org.br<\/a><\/span><\/span><\/p>\n<p align=\"left\">\n<p align=\"left\"><strong><span style=\"font-family: AppleGothic, sans-serif;\"><span style=\"font-size: small;\">Diretoria de Imprensa \u2013 FPCiclismo<\/span><\/span><\/strong><span style=\"font-family: AppleGothic, sans-serif;\"><span style=\"font-size: small;\"><br \/>\nMarcelo Eduardo Braga \u2013 MTB 18324<br \/>\nTelefone: (11) 98266-6086<br \/>\nE-mails: imprensa@fpciclismo.org.br \/ mbragacom@mbragacom.com.br<\/span><\/span><\/p>\n","protected":false},"excerpt":{"rendered":"<p>Prova ser\u00e1 disputada em Indaiatuba. &nbsp; S\u00e3o Paulo (SP) \u2014 A Prova Cicl\u00edstica 1\u00ba de Maio chega \u00e0 sua 74\u00aa edi\u00e7\u00e3o no dia 1\u00ba de maio de 2026, mantendo o status de uma das competi\u00e7\u00f5es mais tradicionais do ciclismo brasileiro e refor\u00e7ando seu protagonismo no calend\u00e1rio nacional. Marcado para o feriado do Dia Internacional do Trabalho, o evento ser\u00e1 disputado &hellip;<\/p>\n","protected":false},"author":3,"featured_media":6218,"comment_status":"open","ping_status":"closed","sticky":false,"template":"","format":"standard","meta":{"footnotes":""},"categories":[35],"tags":[],"class_list":["post-6217","post","type-post","status-publish","format-standard","has-post-thumbnail","hentry","category-estrada"],"_links":{"self":[{"href":"https:\/\/fpciclismo.org.br\/index.php\/wp-json\/wp\/v2\/posts\/6217","targetHints":{"allow":["GET"]}}],"collection":[{"href":"https:\/\/fpciclismo.org.br\/index.php\/wp-json\/wp\/v2\/posts"}],"about":[{"href":"https:\/\/fpciclismo.org.br\/index.php\/wp-json\/wp\/v2\/types\/post"}],"author":[{"embeddable":true,"href":"https:\/\/fpciclismo.org.br\/index.php\/wp-json\/wp\/v2\/users\/3"}],"replies":[{"embeddable":true,"href":"https:\/\/fpciclismo.org.br\/index.php\/wp-json\/wp\/v2\/comments?post=6217"}],"version-history":[{"count":1,"href":"https:\/\/fpciclismo.org.br\/index.php\/wp-json\/wp\/v2\/posts\/6217\/revisions"}],"predecessor-version":[{"id":6219,"href":"https:\/\/fpciclismo.org.br\/index.php\/wp-json\/wp\/v2\/posts\/6217\/revisions\/6219"}],"wp:featuredmedia":[{"embeddable":true,"href":"https:\/\/fpciclismo.org.br\/index.php\/wp-json\/wp\/v2\/media\/6218"}],"wp:attachment":[{"href":"https:\/\/fpciclismo.org.br\/index.php\/wp-json\/wp\/v2\/media?parent=6217"}],"wp:term":[{"taxonomy":"category","embeddable":true,"href":"https:\/\/fpciclismo.org.br\/index.php\/wp-json\/wp\/v2\/categories?post=6217"},{"taxonomy":"post_tag","embeddable":true,"href":"https:\/\/fpciclismo.org.br\/index.php\/wp-json\/wp\/v2\/tags?post=6217"}],"curies":[{"name":"wp","href":"https:\/\/api.w.org\/{rel}","templated":true}]}}