{"id":6221,"date":"2026-05-01T19:39:45","date_gmt":"2026-05-01T22:39:45","guid":{"rendered":"https:\/\/fpciclismo.org.br\/?p=6221"},"modified":"2026-05-01T19:39:45","modified_gmt":"2026-05-01T22:39:45","slug":"74a-prova-ciclistica-1o-de-maio-vinicius-silva-dos-santos-e-carolina-nascimento-vencem-na-elite","status":"publish","type":"post","link":"https:\/\/fpciclismo.org.br\/index.php\/2026\/05\/01\/74a-prova-ciclistica-1o-de-maio-vinicius-silva-dos-santos-e-carolina-nascimento-vencem-na-elite\/","title":{"rendered":"74\u00aa Prova Cicl\u00edstica 1\u00ba de Maio: Vinicius Silva dos  Santos e Carolina Nascimento vencem na Elite"},"content":{"rendered":"<p align=\"center\">\n<p align=\"center\"><span style=\"font-family: AppleGothic, sans-serif;\"><span style=\"font-size: small;\"><em>Prova cl\u00e1ssica movimentou o feriado de muito sol em Indaiatuba.<\/em><\/span><\/span><\/p>\n<p align=\"justify\">\n<p align=\"justify\"><span style=\"font-family: AppleGothic, sans-serif;\"><span style=\"font-size: small;\"><strong>Indaiatuba (SP)<\/strong> \u2014 A 74\u00aa edi\u00e7\u00e3o da Prova Cicl\u00edstica 1\u00ba de Maio, uma das mais tradicionais do calend\u00e1rio nacional, foi marcada por disputas intensas e chegadas emocionantes nesta sexta-feira, no circuito montado na Avenida Engenheiro F\u00e1bio Roberto Barnab\u00e9, no Parque Ecol\u00f3gico de Indaiatuba. Cerca de 600 ciclistas de diversas categorias participaram do evento em um dia ensolarado, que coloriu ainda mais a bela cidade do interior paulista.<\/span><\/span><\/p>\n<p align=\"justify\"><span style=\"font-family: AppleGothic, sans-serif;\"><span style=\"font-size: small;\">A disputa integrou o Ranking Paulista e o Ranking Nacional de Estrada, na Classe 3, sob supervis\u00e3o da Confedera\u00e7\u00e3o Brasileira de Ciclismo, refor\u00e7ando seu peso esportivo.<\/span><\/span><\/p>\n<p align=\"justify\"><span style=\"font-family: AppleGothic, sans-serif;\"><span style=\"font-size: small;\">Mais uma vez, a Elite foi a grande atra\u00e7\u00e3o, com destaque para a prova masculina, que reuniu equipes que estar\u00e3o na 12\u00aa Volta Cicl\u00edstica Internacional do Estado de S\u00e3o Paulo, entre os dias 4 e 10 de maio, com largada na cidade de Tr\u00eas Fronteiras, no Noroeste paulista. O evento reunir\u00e1 19 equipes, entre brasileiras e estrangeiras.<\/span><\/span><\/p>\n<p align=\"justify\"><span style=\"font-family: AppleGothic, sans-serif;\"><span style=\"font-size: small;\">Na Elite Masculina, disputada em 41 voltas, a vit\u00f3ria ficou com Vinicius Silva dos Santos, da equipe S\u00e3o Jos\u00e9 Ciclismo\/Instituto Athlon. Em uma prova extremamente equilibrada, o ciclista cruzou a linha de chegada com o tempo de 2h30min39s8, garantindo o lugar mais alto do p\u00f3dio por uma margem m\u00ednima. A defini\u00e7\u00e3o veio no sprint final, com Maike Pereira (Emthos Cycling) terminando logo atr\u00e1s, em 2h30min40s10, seguido por Gabriel Metzger (ACRS Cycling Team), que completou em 2h30min41s09. O ritmo forte e constante ao longo de toda a prova resultou em um desfecho apertado entre os principais nomes do pelot\u00e3o.<\/span><\/span><\/p>\n<p align=\"justify\"><span style=\"font-family: AppleGothic, sans-serif;\"><span style=\"font-size: small;\">Entre as mulheres, a Elite Feminina percorreu 20 voltas e tamb\u00e9m teve uma chegada decidida nos detalhes. Carolina Barbosa do Nascimento, representando a equipe Indaiatuba Cycling Team, conquistou a vit\u00f3ria com o tempo de 1h26min47s100, em um final eletrizante. Luciene Silva (Andbank Cycling Team Pinda) ficou com a segunda coloca\u00e7\u00e3o por uma diferen\u00e7a praticamente impercept\u00edvel, marcando 1h26min47s101. Talita da Luz de Oliveira (Abec Rio Claro) completou o p\u00f3dio, com 1h26min47s327, confirmando o alto n\u00edvel de competitividade da prova.<\/span><\/span><\/p>\n<p align=\"justify\"><span style=\"font-family: AppleGothic, sans-serif;\"><span style=\"font-size: small;\">A prova em Indaiatuba mostrou sua for\u00e7a no calend\u00e1rio e segue como uma das principais vitrines do ciclismo de estrada no Brasil. A presen\u00e7a de tantos atletas reafirma seu papel importante na revela\u00e7\u00e3o de talentos e na prepara\u00e7\u00e3o para competi\u00e7\u00f5es de maior porte ao longo da temporada.<\/span><\/span><\/p>\n<p align=\"justify\"><span style=\"font-family: AppleGothic, sans-serif;\"><span style=\"font-size: small;\">A 74\u00aa Prova Cicl\u00edstica 1\u00ba de Maio \u00e9 uma realiza\u00e7\u00e3o da Federa\u00e7\u00e3o Paulista de Ciclismo, com supervis\u00e3o da Confedera\u00e7\u00e3o Brasileira de Ciclismo e apoio da Prefeitura Municipal de Indaiatuba.<\/span><\/span><\/p>\n<p>&nbsp;<\/p>\n<p><span style=\"font-family: AppleGothic, sans-serif;\"><span style=\"font-size: small;\"><strong>Resultados \u2013 Edi\u00e7\u00e3o 2026 \u2013 Circuito de 2,6 km<\/strong><\/span><\/span><\/p>\n<p>&nbsp;<\/p>\n<p><span style=\"font-family: AppleGothic, sans-serif;\"><span style=\"font-size: small;\"><strong>Elite Masculino (41 voltas)<\/strong><\/span><\/span><\/p>\n<ol>\n<li><span style=\"font-family: AppleGothic, sans-serif;\"><span style=\"font-size: small;\">Vinicius Silva dos Santos (S\u00e3o Jos\u00e9 Ciclismo\/Instituto Athlon), 2:30:39.8 <\/span><\/span><\/li>\n<li><span style=\"font-family: AppleGothic, sans-serif;\"><span style=\"font-size: small;\">Maike Pereira (Emthos Cycling), 2:30:40.10 <\/span><\/span><\/li>\n<li><span style=\"font-family: AppleGothic, sans-serif;\"><span style=\"font-size: small;\">Gabriel Metzger (ACRS Cycling Team), 2:30:41.09 <\/span><\/span><\/li>\n<\/ol>\n<p><span style=\"font-family: AppleGothic, sans-serif;\"><span style=\"font-size: small;\"><strong>Elite Feminino (20 voltas)<\/strong><\/span><\/span><\/p>\n<ol>\n<li><span style=\"font-family: AppleGothic, sans-serif;\"><span style=\"font-size: small;\">Carolina Barbosa do Nascimento (Indaiatuba Cycling Team), 1:26:47.100 <\/span><\/span><\/li>\n<li><span style=\"font-family: AppleGothic, sans-serif;\"><span style=\"font-size: small;\">Luciene Silva (Andbank Cycling Team Pinda), 1:26:47.101 <\/span><\/span><\/li>\n<li><span style=\"font-family: AppleGothic, sans-serif;\"><span style=\"font-size: small;\">Talita da Luz de Oliveira (Abec Rio Claro), 1:26:47.327 <\/span><\/span><\/li>\n<\/ol>\n<p>&nbsp;<\/p>\n<p><span style=\"font-family: AppleGothic, sans-serif;\"><span style=\"font-size: small;\"><strong>Mais informa\u00e7\u00f5es:<\/strong> <a href=\"http:\/\/www.fpciclismo.org.br\/\" target=\"_new\">www.fpciclismo.org.br<\/a><\/span><\/span><\/p>\n<p>&nbsp;<\/p>\n<p><span style=\"font-family: AppleGothic, sans-serif;\"><span style=\"font-size: small;\"><strong>Diretoria de Imprensa \u2013 FPCiclismo<\/strong><br \/>\nMarcelo Eduardo Braga \u2013 MTB 18324<br \/>\nTelefone: (11) 98266-6086<br \/>\nE-mails: imprensa@fpciclismo.org.br \/ mbragacom@mbragacom.com.br<\/span><\/span><\/p>\n<p>&nbsp;<\/p>\n","protected":false},"excerpt":{"rendered":"<p>Prova cl\u00e1ssica movimentou o feriado de muito sol em Indaiatuba. Indaiatuba (SP) \u2014 A 74\u00aa edi\u00e7\u00e3o da Prova Cicl\u00edstica 1\u00ba de Maio, uma das mais tradicionais do calend\u00e1rio nacional, foi marcada por disputas intensas e chegadas emocionantes nesta sexta-feira, no circuito montado na Avenida Engenheiro F\u00e1bio Roberto Barnab\u00e9, no Parque Ecol\u00f3gico de Indaiatuba. Cerca de 600 ciclistas de diversas categorias &hellip;<\/p>\n","protected":false},"author":3,"featured_media":6222,"comment_status":"open","ping_status":"closed","sticky":false,"template":"","format":"standard","meta":{"footnotes":""},"categories":[35],"tags":[],"class_list":["post-6221","post","type-post","status-publish","format-standard","has-post-thumbnail","hentry","category-estrada"],"_links":{"self":[{"href":"https:\/\/fpciclismo.org.br\/index.php\/wp-json\/wp\/v2\/posts\/6221","targetHints":{"allow":["GET"]}}],"collection":[{"href":"https:\/\/fpciclismo.org.br\/index.php\/wp-json\/wp\/v2\/posts"}],"about":[{"href":"https:\/\/fpciclismo.org.br\/index.php\/wp-json\/wp\/v2\/types\/post"}],"author":[{"embeddable":true,"href":"https:\/\/fpciclismo.org.br\/index.php\/wp-json\/wp\/v2\/users\/3"}],"replies":[{"embeddable":true,"href":"https:\/\/fpciclismo.org.br\/index.php\/wp-json\/wp\/v2\/comments?post=6221"}],"version-history":[{"count":1,"href":"https:\/\/fpciclismo.org.br\/index.php\/wp-json\/wp\/v2\/posts\/6221\/revisions"}],"predecessor-version":[{"id":6223,"href":"https:\/\/fpciclismo.org.br\/index.php\/wp-json\/wp\/v2\/posts\/6221\/revisions\/6223"}],"wp:featuredmedia":[{"embeddable":true,"href":"https:\/\/fpciclismo.org.br\/index.php\/wp-json\/wp\/v2\/media\/6222"}],"wp:attachment":[{"href":"https:\/\/fpciclismo.org.br\/index.php\/wp-json\/wp\/v2\/media?parent=6221"}],"wp:term":[{"taxonomy":"category","embeddable":true,"href":"https:\/\/fpciclismo.org.br\/index.php\/wp-json\/wp\/v2\/categories?post=6221"},{"taxonomy":"post_tag","embeddable":true,"href":"https:\/\/fpciclismo.org.br\/index.php\/wp-json\/wp\/v2\/tags?post=6221"}],"curies":[{"name":"wp","href":"https:\/\/api.w.org\/{rel}","templated":true}]}}